{"id":2083,"date":"2026-03-11T12:01:21","date_gmt":"2026-03-11T15:01:21","guid":{"rendered":"https:\/\/dynargie.com.br\/blog\/?p=2083"},"modified":"2026-03-12T09:12:14","modified_gmt":"2026-03-12T12:12:14","slug":"quando-a-estrategia-fala-alto-mas-o-contexto-nao-acompanha","status":"publish","type":"post","link":"https:\/\/dynargie.com.br\/blog\/quando-a-estrategia-fala-alto-mas-o-contexto-nao-acompanha\/","title":{"rendered":"Quando a Estrat\u00e9gia Fala Alto, Mas o Contexto N\u00e3o Acompanha"},"content":{"rendered":"\r\n<p><a href=\"https:\/\/dynargie.com.br\/blog\/wp-content\/uploads\/2026\/03\/woman-walking-road-glen-etive-scotland-1-scaled.jpg\"><img loading=\"lazy\" decoding=\"async\" class=\"size-full wp-image-2085\" src=\"https:\/\/dynargie.com.br\/blog\/wp-content\/uploads\/2026\/03\/woman-walking-road-glen-etive-scotland-1-scaled.jpg\" alt=\"\" width=\"1707\" height=\"2560\" srcset=\"https:\/\/dynargie.com.br\/blog\/wp-content\/uploads\/2026\/03\/woman-walking-road-glen-etive-scotland-1-scaled.jpg 1707w, https:\/\/dynargie.com.br\/blog\/wp-content\/uploads\/2026\/03\/woman-walking-road-glen-etive-scotland-1-200x300.jpg 200w, https:\/\/dynargie.com.br\/blog\/wp-content\/uploads\/2026\/03\/woman-walking-road-glen-etive-scotland-1-683x1024.jpg 683w, https:\/\/dynargie.com.br\/blog\/wp-content\/uploads\/2026\/03\/woman-walking-road-glen-etive-scotland-1-768x1152.jpg 768w, https:\/\/dynargie.com.br\/blog\/wp-content\/uploads\/2026\/03\/woman-walking-road-glen-etive-scotland-1-1024x1536.jpg 1024w, https:\/\/dynargie.com.br\/blog\/wp-content\/uploads\/2026\/03\/woman-walking-road-glen-etive-scotland-1-1365x2048.jpg 1365w\" sizes=\"auto, (max-width: 1707px) 100vw, 1707px\" \/><\/a> <span style=\"font-size: 16px;\">Nos \u00faltimos anos, comunica\u00e7\u00e3o interna, programas de engajamento, iniciativas culturais e pesquisas de clima se tornaram pr\u00e1ticas comuns nas organiza\u00e7\u00f5es. A inten\u00e7\u00e3o evoluiu, as ferramentas se sofisticaram e a aten\u00e7\u00e3o dedicada ao tema cresceu significativamente.<\/span><\/p>\r\n\r\n\r\n\r\n<p>Ainda assim, quando observamos os dados com mais profundidade, um padr\u00e3o consistente emerge: o desafio n\u00e3o est\u00e1 em criar iniciativas, est\u00e1 em sustentar sua efetividade ao longo do tempo.<\/p>\r\n\r\n\r\n\r\n<p>Hoje, existe uma lacuna crescente entre o que as organiza\u00e7\u00f5es comunicam, o que pretendem construir e o que realmente acontece no cotidiano. Essa diferen\u00e7a se manifesta de formas distintas, mas interligadas. Muitas quest\u00f5es que parecem isoladas compartilham a mesma origem: a coer\u00eancia entre inten\u00e7\u00e3o, contexto e execu\u00e7\u00e3o.<\/p>\r\n\r\n\r\n\r\n<p>Isso fica evidente ao analisarmos os n\u00edveis de engajamento. Embora relativamente est\u00e1veis na maioria das empresas, poucos ambientes conseguem avan\u00e7ar para patamares realmente elevados. A maior parte permanece em um n\u00edvel moderado. O desafio deixou de ser mobilizar, passou a ser romper um teto estrutural que limita a evolu\u00e7\u00e3o.<\/p>\r\n\r\n\r\n\r\n<p>Nesse cen\u00e1rio, engajamento deixa de ser apenas <a href=\"https:\/\/dynargie.com.br\/blog\/motivacao-competencia-motivencia\/\">motiva\u00e7\u00e3o<\/a> e passa a refletir o grau de alinhamento entre <a href=\"https:\/\/dynargie.com.br\/blog\/tomada-de-decisao-a-arte-de-liderar-com-confianca-e-estrategia\/\">estrat\u00e9gia<\/a>, sistemas e a experi\u00eancia vivida pelas pessoas.<\/p>\r\n\r\n\r\n\r\n<p>Quando esse alinhamento falha, os efeitos aparecem tamb\u00e9m na comunica\u00e7\u00e3o. Mensagens pouco claras, retrabalho e decis\u00f5es revisitadas consomem horas semanais de produtividade \u2014 um custo invis\u00edvel que raramente aparece nos relat\u00f3rios financeiros, mas que impacta diretamente a capacidade de execu\u00e7\u00e3o.<\/p>\r\n\r\n\r\n\r\n<p>Assim, <a href=\"https:\/\/dynargie.com.br\/blog\/comunicacao-ascendente\/\">comunica\u00e7\u00e3o<\/a> deixa de ser transmiss\u00e3o de informa\u00e7\u00e3o e passa a ser reflexo do n\u00edvel de coer\u00eancia organizacional.<\/p>\r\n\r\n\r\n\r\n<p>A din\u00e2mica da aten\u00e7\u00e3o refor\u00e7a esse ponto. Em muitos contextos, apenas uma pequena parcela dos colaboradores l\u00ea comunica\u00e7\u00f5es internas de forma consistente. Atualiza\u00e7\u00f5es importantes s\u00e3o frequentemente ignoradas.<\/p>\r\n\r\n\r\n\r\n<p>Enviar n\u00e3o significa comunicar. Volume n\u00e3o significa alinhamento.<\/p>\r\n\r\n\r\n\r\n<p>Em ambientes complexos, aten\u00e7\u00e3o \u00e9 um recurso escasso. Sem clareza de prioridades, a informa\u00e7\u00e3o cresce, mas o foco n\u00e3o acompanha.<\/p>\r\n\r\n\r\n\r\n<p>O mesmo ocorre com as pr\u00e1ticas de feedback. A maioria das organiza\u00e7\u00f5es escuta seus colaboradores com regularidade, mas poucas comunicam com clareza o que muda a partir dessa escuta. A lacuna entre ouvir e agir afeta diretamente a credibilidade. A confian\u00e7a se fortalece quando as pessoas percebem que suas contribui\u00e7\u00f5es influenciam decis\u00f5es e prioridades. Quando o acompanhamento \u00e9 inconsistente, a escuta perde impacto e refor\u00e7a a percep\u00e7\u00e3o de desalinhamento.<\/p>\r\n\r\n\r\n\r\n<p>Essa dist\u00e2ncia entre inten\u00e7\u00e3o e pr\u00e1tica tamb\u00e9m se manifesta nas iniciativas de mudan\u00e7a cultural. Campanhas internas ampliam conscientiza\u00e7\u00e3o e entendimento, mas a mudan\u00e7a consistente de comportamento ainda \u00e9 rara.<\/p>\r\n\r\n\r\n\r\n<p>Saber n\u00e3o \u00e9 agir. Entender n\u00e3o \u00e9 sustentar.<\/p>\r\n\r\n\r\n\r\n<p>Transforma\u00e7\u00e3o n\u00e3o acontece apenas por meio de mensagens. Ela depende de contextos que reforcem novos padr\u00f5es ao longo do tempo. Sem alinhamento entre lideran\u00e7a, sistemas e pr\u00e1ticas, o entendimento cresce, mas a execu\u00e7\u00e3o permanece limitada.<\/p>\r\n\r\n\r\n\r\n<p>Com o ac\u00famulo dessas experi\u00eancias, a confian\u00e7a na lideran\u00e7a tamb\u00e9m \u00e9 impactada. A transpar\u00eancia \u00e9 percebida, mas a confian\u00e7a plena segue rara. Afinal, confian\u00e7a n\u00e3o \u00e9 um estado permanente: \u00e9 uma constru\u00e7\u00e3o cont\u00ednua baseada na consist\u00eancia entre discurso, decis\u00f5es e experi\u00eancia cotidiana.<\/p>\r\n\r\n\r\n\r\n<p>Quando analisados em conjunto, todos esses sinais convergem para a mesma conclus\u00e3o:<\/p>\r\n\r\n\r\n\r\n<p>O desafio organizacional contempor\u00e2neo n\u00e3o \u00e9 a falta de iniciativas. \u00c9 a falta de coer\u00eancia sist\u00eamica para sustent\u00e1-las.<\/p>\r\n\r\n\r\n\r\n<p>Engajamento, comunica\u00e7\u00e3o, aten\u00e7\u00e3o, <a href=\"https:\/\/dynargie.com.br\/blog\/a-importancia-do-feedback\/\">feedback<\/a>, transforma\u00e7\u00e3o e confian\u00e7a n\u00e3o s\u00e3o temas isolados. S\u00e3o express\u00f5es diferentes de uma mesma din\u00e2mica organizacional.<\/p>\r\n\r\n\r\n\r\n<p>Essa din\u00e2mica \u00e9 moldada pelo contexto, pelos sinais que indicam o que \u00e9 priorizado, medido, recompensado e comunicado. \u00c9 nesse ambiente que comportamentos se formam, decis\u00f5es ganham consist\u00eancia e a lideran\u00e7a se fortalece.<\/p>\r\n\r\n\r\n\r\n<p>Quando o contexto \u00e9 claro e coerente: \u2022 O engajamento evolui \u2022 A comunica\u00e7\u00e3o se torna mais eficaz \u2022 A execu\u00e7\u00e3o ganha fluidez<\/p>\r\n\r\n\r\n\r\n<p>Quando h\u00e1 desalinhamento, at\u00e9 as melhores iniciativas produzem impacto limitado.<\/p>\r\n\r\n\r\n\r\n<p>Por isso, transforma\u00e7\u00e3o organizacional \u00e9 menos um exerc\u00edcio isolado de comunica\u00e7\u00e3o ou capacita\u00e7\u00e3o, e mais um desafio sist\u00eamico. Ela depende do alinhamento entre inten\u00e7\u00e3o estrat\u00e9gica, lideran\u00e7a, sistemas e a experi\u00eancia vivida pelas pessoas.<\/p>\r\n\r\n\r\n\r\n<p>Organiza\u00e7\u00f5es que reduzem a dist\u00e2ncia entre discurso e pr\u00e1tica criam ambientes mais claros, fortalecem a confian\u00e7a e ampliam sua capacidade de execu\u00e7\u00e3o.<\/p>\r\n\r\n\r\n\r\n<p>Nesse cen\u00e1rio, engajamento deixa de ser um esfor\u00e7o cont\u00ednuo e passa a ser uma consequ\u00eancia natural de um contexto consistente.<\/p>\r\n\r\n\r\n\r\n<p>Se a maioria das organiza\u00e7\u00f5es j\u00e1 investe em comunica\u00e7\u00e3o, <a href=\"https:\/\/dynargie.com.br\/blog\/o-trabalho-como-sistema-de-lideranca\/\">lideran\u00e7a<\/a> e cultura, talvez a pergunta mais relevante n\u00e3o seja:<\/p>\r\n\r\n\r\n\r\n<p>&#8220;O que estamos fazendo?&#8221; Mas sim: &#8220;Estamos criando as condi\u00e7\u00f5es para que tudo isso funcione de forma consistente no dia a dia?&#8221;<\/p>\r\n","protected":false},"excerpt":{"rendered":"<p>Nos \u00faltimos anos, comunica\u00e7\u00e3o interna, programas de engajamento, iniciativas culturais e pesquisas de clima se tornaram pr\u00e1ticas comuns nas organiza\u00e7\u00f5es. A inten\u00e7\u00e3o evoluiu, as ferramentas se sofisticaram e a aten\u00e7\u00e3o dedicada ao tema cresceu significativamente. Ainda assim, quando observamos os dados com mais profundidade, um padr\u00e3o consistente emerge: o desafio n\u00e3o est\u00e1 em criar iniciativas, [&hellip;]<\/p>\n","protected":false},"author":1,"featured_media":2084,"comment_status":"open","ping_status":"open","sticky":false,"template":"","format":"standard","meta":{"footnotes":""},"categories":[497,466,2,477,5,487,216,470,503,453,474,490,501,476,504,472,495,1,467],"tags":[112,48,14,97,11,60,16,280,193,50,17,26,24,7,82,10,265,62,9,20,134,38,32,8,256,23,100,18,52,76,54,99,49,215,174,212,70,293,281,15,113],"class_list":["post-2083","post","type-post","status-publish","format-standard","has-post-thumbnail","hentry","category-avaliacao-de-desempenho","category-bem-estar","category-consultoria","category-cornerstones","category-desenvolvimento","category-diversidade-inclusao","category-dynargie","category-estresse","category-experiencia-do-cliente","category-lideranca","category-lideranca-novas-geracoes","category-motivencia","category-mudanca","category-negociacao","category-saude-emocional","category-saude-mental","category-tomada-de-decisao","category-uncategorized","category-vendas","tag-atitude","tag-atitude-positiva","tag-atitudes","tag-cliente","tag-comportamento-do-colaborador","tag-comunicacao","tag-confianca","tag-consultoria","tag-desenvolvimento","tag-desenvolvimento-pessoal","tag-dicas","tag-dynargie","tag-dynargie-brasil","tag-empatia","tag-equipe","tag-estilo-de-lideranca","tag-estresse","tag-feedback","tag-gestao","tag-gestao-do-tempo","tag-inovacao","tag-inteligencia-emocional","tag-lider","tag-lideranca","tag-mindset","tag-motivacao","tag-negociacao","tag-objetivo","tag-objetivos","tag-organizacao","tag-planejamento","tag-pos-venda","tag-produtividade","tag-recursos-humanos","tag-reuniao","tag-rh","tag-secretaria","tag-tecnologia","tag-treinamento","tag-venda","tag-vendas"],"yoast_head":"<!-- This site is optimized with the Yoast SEO plugin v16.4 - https:\/\/yoast.com\/wordpress\/plugins\/seo\/ -->\n<title>Quando a Estrat\u00e9gia Fala Alto, Mas o Contexto N\u00e3o Acompanha<\/title>\n<meta name=\"description\" content=\"Nos \u00faltimos anos, comunica\u00e7\u00e3o interna, programas de engajamento, iniciativas culturais e pesquisas de clima se tornaram pr\u00e1ticas comuns nas organiza\u00e7\u00f5es.\" \/>\n<meta name=\"robots\" content=\"index, follow, max-snippet:-1, max-image-preview:large, max-video-preview:-1\" \/>\n<link rel=\"canonical\" href=\"https:\/\/dynargie.com.br\/blog\/quando-a-estrategia-fala-alto-mas-o-contexto-nao-acompanha\/\" \/>\n<meta property=\"og:locale\" content=\"pt_BR\" \/>\n<meta property=\"og:type\" content=\"article\" \/>\n<meta property=\"og:title\" content=\"Quando a Estrat\u00e9gia Fala Alto, Mas o Contexto N\u00e3o Acompanha\" \/>\n<meta property=\"og:description\" content=\"Nos \u00faltimos anos, comunica\u00e7\u00e3o interna, programas de engajamento, iniciativas culturais e pesquisas de clima se tornaram pr\u00e1ticas comuns nas organiza\u00e7\u00f5es.\" \/>\n<meta property=\"og:url\" content=\"https:\/\/dynargie.com.br\/blog\/quando-a-estrategia-fala-alto-mas-o-contexto-nao-acompanha\/\" \/>\n<meta property=\"og:site_name\" content=\"Dynargie Blog\" \/>\n<meta property=\"article:publisher\" content=\"https:\/\/facebook.com\/dynargiebrasil\" \/>\n<meta property=\"article:published_time\" content=\"2026-03-11T15:01:21+00:00\" \/>\n<meta property=\"article:modified_time\" content=\"2026-03-12T12:12:14+00:00\" \/>\n<meta property=\"og:image\" content=\"https:\/\/dynargie.com.br\/blog\/wp-content\/uploads\/2026\/03\/shadows-groomsmen-anf-groom-outdoors-scaled.jpg\" \/>\n\t<meta property=\"og:image:width\" content=\"2560\" \/>\n\t<meta property=\"og:image:height\" content=\"1373\" \/>\n<meta name=\"twitter:label1\" content=\"Est. tempo de leitura\" \/>\n\t<meta name=\"twitter:data1\" content=\"4 minutos\" \/>\n<script type=\"application\/ld+json\" class=\"yoast-schema-graph\">{\"@context\":\"https:\/\/schema.org\",\"@graph\":[{\"@type\":\"Organization\",\"@id\":\"https:\/\/dynargie.com.br\/blog\/#organization\",\"name\":\"Dynargie Brasil\",\"url\":\"https:\/\/dynargie.com.br\/blog\/\",\"sameAs\":[\"https:\/\/facebook.com\/dynargiebrasil\",\"https:\/\/br.linkedin.com\/company\/dynargie-brasil\",\"https:\/\/www.youtube.com\/user\/DynargieBrasil\",\"https:\/\/twitter.com\/dynargiebrasil\"],\"logo\":{\"@type\":\"ImageObject\",\"@id\":\"https:\/\/dynargie.com.br\/blog\/#logo\",\"inLanguage\":\"pt-BR\",\"url\":\"http:\/\/blog.dynargie.com.br\/wp-content\/uploads\/2017\/05\/logo_site_2017.png\",\"contentUrl\":\"http:\/\/blog.dynargie.com.br\/wp-content\/uploads\/2017\/05\/logo_site_2017.png\",\"width\":120,\"height\":122,\"caption\":\"Dynargie Brasil\"},\"image\":{\"@id\":\"https:\/\/dynargie.com.br\/blog\/#logo\"}},{\"@type\":\"WebSite\",\"@id\":\"https:\/\/dynargie.com.br\/blog\/#website\",\"url\":\"https:\/\/dynargie.com.br\/blog\/\",\"name\":\"Dynargie Blog\",\"description\":\"\",\"publisher\":{\"@id\":\"https:\/\/dynargie.com.br\/blog\/#organization\"},\"potentialAction\":[{\"@type\":\"SearchAction\",\"target\":\"https:\/\/dynargie.com.br\/blog\/?s={search_term_string}\",\"query-input\":\"required name=search_term_string\"}],\"inLanguage\":\"pt-BR\"},{\"@type\":\"ImageObject\",\"@id\":\"https:\/\/dynargie.com.br\/blog\/quando-a-estrategia-fala-alto-mas-o-contexto-nao-acompanha\/#primaryimage\",\"inLanguage\":\"pt-BR\",\"url\":\"https:\/\/dynargie.com.br\/blog\/wp-content\/uploads\/2026\/03\/shadows-groomsmen-anf-groom-outdoors-scaled.jpg\",\"contentUrl\":\"https:\/\/dynargie.com.br\/blog\/wp-content\/uploads\/2026\/03\/shadows-groomsmen-anf-groom-outdoors-scaled.jpg\",\"width\":2560,\"height\":1373,\"caption\":\"Above view of group faceless man, wearing in black suits walking on road with shadows from sunny light\"},{\"@type\":\"WebPage\",\"@id\":\"https:\/\/dynargie.com.br\/blog\/quando-a-estrategia-fala-alto-mas-o-contexto-nao-acompanha\/#webpage\",\"url\":\"https:\/\/dynargie.com.br\/blog\/quando-a-estrategia-fala-alto-mas-o-contexto-nao-acompanha\/\",\"name\":\"Quando a Estrat\\u00e9gia Fala Alto, Mas o Contexto N\\u00e3o Acompanha\",\"isPartOf\":{\"@id\":\"https:\/\/dynargie.com.br\/blog\/#website\"},\"primaryImageOfPage\":{\"@id\":\"https:\/\/dynargie.com.br\/blog\/quando-a-estrategia-fala-alto-mas-o-contexto-nao-acompanha\/#primaryimage\"},\"datePublished\":\"2026-03-11T15:01:21+00:00\",\"dateModified\":\"2026-03-12T12:12:14+00:00\",\"description\":\"Nos \\u00faltimos anos, comunica\\u00e7\\u00e3o interna, programas de engajamento, iniciativas culturais e pesquisas de clima se tornaram pr\\u00e1ticas comuns nas organiza\\u00e7\\u00f5es.\",\"breadcrumb\":{\"@id\":\"https:\/\/dynargie.com.br\/blog\/quando-a-estrategia-fala-alto-mas-o-contexto-nao-acompanha\/#breadcrumb\"},\"inLanguage\":\"pt-BR\",\"potentialAction\":[{\"@type\":\"ReadAction\",\"target\":[\"https:\/\/dynargie.com.br\/blog\/quando-a-estrategia-fala-alto-mas-o-contexto-nao-acompanha\/\"]}]},{\"@type\":\"BreadcrumbList\",\"@id\":\"https:\/\/dynargie.com.br\/blog\/quando-a-estrategia-fala-alto-mas-o-contexto-nao-acompanha\/#breadcrumb\",\"itemListElement\":[{\"@type\":\"ListItem\",\"position\":1,\"item\":{\"@type\":\"WebPage\",\"@id\":\"https:\/\/dynargie.com.br\/blog\/\",\"url\":\"https:\/\/dynargie.com.br\/blog\/\",\"name\":\"In\\u00edcio\"}},{\"@type\":\"ListItem\",\"position\":2,\"item\":{\"@id\":\"https:\/\/dynargie.com.br\/blog\/quando-a-estrategia-fala-alto-mas-o-contexto-nao-acompanha\/#webpage\"}}]},{\"@type\":\"Article\",\"@id\":\"https:\/\/dynargie.com.br\/blog\/quando-a-estrategia-fala-alto-mas-o-contexto-nao-acompanha\/#article\",\"isPartOf\":{\"@id\":\"https:\/\/dynargie.com.br\/blog\/quando-a-estrategia-fala-alto-mas-o-contexto-nao-acompanha\/#webpage\"},\"author\":{\"@id\":\"https:\/\/dynargie.com.br\/blog\/#\/schema\/person\/9cd409bc890b2be3e4e4482b56cd9efe\"},\"headline\":\"Quando a Estrat\\u00e9gia Fala Alto, Mas o Contexto N\\u00e3o Acompanha\",\"datePublished\":\"2026-03-11T15:01:21+00:00\",\"dateModified\":\"2026-03-12T12:12:14+00:00\",\"mainEntityOfPage\":{\"@id\":\"https:\/\/dynargie.com.br\/blog\/quando-a-estrategia-fala-alto-mas-o-contexto-nao-acompanha\/#webpage\"},\"wordCount\":828,\"commentCount\":0,\"publisher\":{\"@id\":\"https:\/\/dynargie.com.br\/blog\/#organization\"},\"image\":{\"@id\":\"https:\/\/dynargie.com.br\/blog\/quando-a-estrategia-fala-alto-mas-o-contexto-nao-acompanha\/#primaryimage\"},\"thumbnailUrl\":\"https:\/\/dynargie.com.br\/blog\/wp-content\/uploads\/2026\/03\/shadows-groomsmen-anf-groom-outdoors-scaled.jpg\",\"keywords\":[\"atitude\",\"Atitude positiva\",\"Atitudes\",\"cliente\",\"Comportamento do Colaborador\",\"Comunica\\u00e7\\u00e3o\",\"Confian\\u00e7a\",\"Consultoria\",\"Desenvolvimento\",\"Desenvolvimento pessoal\",\"Dicas\",\"Dynargie\",\"Dynargie Brasil\",\"Empatia\",\"equipe\",\"Estilo de Lideran\\u00e7a\",\"estresse\",\"Feedback\",\"Gest\\u00e3o\",\"Gest\\u00e3o do Tempo\",\"inova\\u00e7\\u00e3o\",\"Intelig\\u00eancia Emocional\",\"L\\u00edder\",\"Lideran\\u00e7a\",\"Mindset\",\"Motiva\\u00e7\\u00e3o\",\"negocia\\u00e7\\u00e3o\",\"Objetivo\",\"Objetivos\",\"organiza\\u00e7\\u00e3o\",\"Planejamento\",\"p\\u00f3s-venda\",\"Produtividade\",\"Recursos humanos\",\"reuni\\u00e3o\",\"RH\",\"Secret\\u00e1ria\",\"Tecnologia\",\"Treinamento\",\"Venda\",\"vendas\"],\"articleSection\":[\"Avalia\\u00e7\\u00e3o de Desempenho\",\"Bem-Estar\",\"Consultoria\",\"Cornerstones\",\"Desenvolvimento\",\"Diversidade &amp; Inclus\\u00e3o\",\"Dynargie\",\"Estresse\",\"Experi\\u00eancia do Cliente\",\"Lideran\\u00e7a\",\"Lideran\\u00e7a Novas Gera\\u00e7\\u00f5es\",\"Motiv\\u00eancia\",\"Mudan\\u00e7a\",\"Negocia\\u00e7\\u00e3o\",\"Sa\\u00fade Emocional\",\"Sa\\u00fade Mental\",\"Tomada de Decis\\u00e3o\",\"Uncategorized\",\"Vendas\"],\"inLanguage\":\"pt-BR\",\"potentialAction\":[{\"@type\":\"CommentAction\",\"name\":\"Comment\",\"target\":[\"https:\/\/dynargie.com.br\/blog\/quando-a-estrategia-fala-alto-mas-o-contexto-nao-acompanha\/#respond\"]}]},{\"@type\":\"Person\",\"@id\":\"https:\/\/dynargie.com.br\/blog\/#\/schema\/person\/9cd409bc890b2be3e4e4482b56cd9efe\",\"name\":\"Dynargie\"}]}<\/script>\n<!-- \/ Yoast SEO plugin. -->","_links":{"self":[{"href":"https:\/\/dynargie.com.br\/blog\/wp-json\/wp\/v2\/posts\/2083","targetHints":{"allow":["GET"]}}],"collection":[{"href":"https:\/\/dynargie.com.br\/blog\/wp-json\/wp\/v2\/posts"}],"about":[{"href":"https:\/\/dynargie.com.br\/blog\/wp-json\/wp\/v2\/types\/post"}],"author":[{"embeddable":true,"href":"https:\/\/dynargie.com.br\/blog\/wp-json\/wp\/v2\/users\/1"}],"replies":[{"embeddable":true,"href":"https:\/\/dynargie.com.br\/blog\/wp-json\/wp\/v2\/comments?post=2083"}],"version-history":[{"count":5,"href":"https:\/\/dynargie.com.br\/blog\/wp-json\/wp\/v2\/posts\/2083\/revisions"}],"predecessor-version":[{"id":2091,"href":"https:\/\/dynargie.com.br\/blog\/wp-json\/wp\/v2\/posts\/2083\/revisions\/2091"}],"wp:featuredmedia":[{"embeddable":true,"href":"https:\/\/dynargie.com.br\/blog\/wp-json\/wp\/v2\/media\/2084"}],"wp:attachment":[{"href":"https:\/\/dynargie.com.br\/blog\/wp-json\/wp\/v2\/media?parent=2083"}],"wp:term":[{"taxonomy":"category","embeddable":true,"href":"https:\/\/dynargie.com.br\/blog\/wp-json\/wp\/v2\/categories?post=2083"},{"taxonomy":"post_tag","embeddable":true,"href":"https:\/\/dynargie.com.br\/blog\/wp-json\/wp\/v2\/tags?post=2083"}],"curies":[{"name":"wp","href":"https:\/\/api.w.org\/{rel}","templated":true}]}}